{"id":3442,"date":"2021-09-27T15:10:40","date_gmt":"2021-09-27T21:10:40","guid":{"rendered":"https:\/\/www.bmediagroup.com\/news\/?p=3442"},"modified":"2021-09-27T15:10:40","modified_gmt":"2021-09-27T21:10:40","slug":"asociacion-hecho-en-puerto-rico-y-bmedia-group-crean-alianza-para-impulsar-empresas-locales","status":"publish","type":"post","link":"https:\/\/www.bmediagroup.com\/news\/asociacion-hecho-en-puerto-rico-y-bmedia-group-crean-alianza-para-impulsar-empresas-locales\/","title":{"rendered":"Asociaci\u00f3n Hecho en Puerto Rico y bMedia Group Crean Alianza Para Impulsar Empresas Locales"},"content":{"rendered":"<p><strong>SAN JUAN, PUERTO RICO. 27 DE SEPTIEMBRE DE 2021<\/strong> &#8212; La <a href=\"about:blank\">Asociaci\u00f3n Hecho en Puerto Rico<\/a> (AHPR) anunci\u00f3 hoy, lunes, una alianza con <a href=\"about:blank\">bMedia Group<\/a> dirigida a apoyar e impulsar a los empresarios puertorrique\u00f1os para generar crecimiento econ\u00f3mico. Con esta uni\u00f3n, todos los socios de la AHPR tendr\u00e1n acceso a un programa especial creado para promocionar sus negocios en la red de medios publicitarios de bMedia Group a trav\u00e9s de Puerto Rico.<\/p>\n<p>&#8220;Apostamos a las alianzas para impulsar el desarrollo econ\u00f3mico de nuestras empresas.\u00a0La penetraci\u00f3n, alcance y relevancia de los medios de bMedia Group en el mercado local es incomparable y proveer\u00e1 exposici\u00f3n a los negocios y marcas de nuestros socios a sus audiencias, apoyando sus metas de crecimiento\u201d, expres\u00f3 la presidenta de AHPR, <strong>Aysha Issa<\/strong>.<\/p>\n<p>bMedia Group es una empresa netamente puertorrique\u00f1a fundada en el 2008, que actualmente cuenta con una red de vallas publicitarias y medios alternativos proveyendo una cobertura completa del mercado, para generar alcance masivo y una exposici\u00f3n efectiva y eficiente de mensajes publicitarios. bMedia Group es la principal compa\u00f1\u00eda de medios en Puerto Rico y contin\u00faa invirtiendo en tecnolog\u00eda para brindar calidad visual e impacto, creando no solo espacios publicitarios sino \u00e1reas de entretenimiento para el pueblo, como lo es la imponente valla en la Placita de Santurce.<\/p>\n<p>\u201cEl promover el empresarismo en Puerto Rico es una de las prioridades de bMedia Group. Este acuerdo colaborativo con la Asociaci\u00f3n Hecho en Puerto Rico es una confirmaci\u00f3n de nuestro compromiso para seguir innovando y creando nuevas oportunidades. Me siento inspirado y motivado como agente de cambio a contribuir al crecimiento econ\u00f3mico de mi pa\u00eds, sus empresarios y al ecosistema empresarial. Nuestro norte es a\u00f1adir valor a nuestros clientes para que sus marcas, servicios o productos, establezcan una conexi\u00f3n emocional con su consumidor de forma \u00fanica, relevante, entretenida e impactante. Me honra decir que somos una empresa para y hecha en Puerto Rico\u201d, se\u00f1al\u00f3 el confundador y CEO de bMedia Group, <strong>Juan Casillas<\/strong>.<\/p>\n<p>De su parte, <strong>Viviana Mercado<\/strong>, directora del comit\u00e9 de mercadeo de AHPR, estableci\u00f3: \u201cCon esta alianza, la AHPR eleva los beneficios para sus socios y ayuda a fortalecer decenas de empresarios puertorrique\u00f1os, socios de la organizaci\u00f3n, a trav\u00e9s de la oportunidad de amplificar sus mensajes y contar sus historias en la red de medios de bMedia Group\u201d.<\/p>\n<p>La Asociaci\u00f3n Hecho en Puerto Rico es una organizaci\u00f3n que agrupa a m\u00e1s de 400 socios que componen la fibra del empresario puertorrique\u00f1o.\u00a0 \u201cEsta poderosa alianza dar\u00e1 acceso a nuestros socios a miles de espacios publicitarios para beneficiar sus marcas y promover sus negocios utilizando nuevas formas creativas y tecnol\u00f3gicas\u201d, finaliz\u00f3 la directora de la Junta de la Asociaci\u00f3n Hecho en Puerto Rico, M\u00f3nica Ponce.<\/p>\n<p style=\"text-align: center;\"># # #<\/p>\n<p><img fetchpriority=\"high\" decoding=\"async\" class=\"alignnone size-full wp-image-3443\" src=\"https:\/\/www.bmediagroup.com\/news\/wp-content\/uploads\/2021\/09\/Alianza-HPR-bMedia-Group.jpg\" alt=\"AHPR and bMedia Group\" width=\"2000\" height=\"1262\" srcset=\"https:\/\/www.bmediagroup.com\/news\/wp-content\/uploads\/2021\/09\/Alianza-HPR-bMedia-Group.jpg 2000w, https:\/\/www.bmediagroup.com\/news\/wp-content\/uploads\/2021\/09\/Alianza-HPR-bMedia-Group-300x189.jpg 300w, https:\/\/www.bmediagroup.com\/news\/wp-content\/uploads\/2021\/09\/Alianza-HPR-bMedia-Group-1024x646.jpg 1024w, https:\/\/www.bmediagroup.com\/news\/wp-content\/uploads\/2021\/09\/Alianza-HPR-bMedia-Group-768x485.jpg 768w, https:\/\/www.bmediagroup.com\/news\/wp-content\/uploads\/2021\/09\/Alianza-HPR-bMedia-Group-1536x969.jpg 1536w\" sizes=\"(max-width: 2000px) 100vw, 2000px\" \/><\/p>\n<p>La <a href=\"about:blank\">Asociaci\u00f3n Hecho en Puerto Rico<\/a> (AHPR es una organizaci\u00f3n sin fines de lucro que agrupa m\u00e1s de 400 socios y promueve el desarrollo econ\u00f3mico de los empresarios locales.<\/p>\n<p><a href=\"about:blank\">bMediaGroup<\/a> es una de las principales compa\u00f1\u00edas de medios en Puerto Rico con una red de m\u00e1s de 3,000 espacios pubicitarios a trav\u00e9s de la isla.<\/p>\n","protected":false},"excerpt":{"rendered":"<p>La Asociaci\u00f3n Hecho en Puerto Rico (AHPR) anunci\u00f3 hoy, lunes, una alianza con bMedia Group dirigida a apoyar e impulsar a los empresarios puertorrique\u00f1os para generar crecimiento econ\u00f3mico.<\/p>\n","protected":false},"author":1,"featured_media":3443,"comment_status":"closed","ping_status":"open","sticky":false,"template":"","format":"standard","meta":{"inline_featured_image":false,"footnotes":""},"categories":[8,24,39],"tags":[86,87,71,55,88,89,90,91,21],"class_list":["post-3442","post","type-post","status-publish","format-standard","has-post-thumbnail","hentry","category-blog","category-news","category-puerto-rico","tag-ahpr","tag-asosiacion-hecho-en-puerto-rico","tag-billboards-en-puerto-rico","tag-doing-business-in-puerto-rico","tag-empresarios-locales","tag-hecho-en-puerto-rico","tag-pr","tag-press-release","tag-puerto-rico"],"yoast_head":"<!-- This site is optimized with the Yoast SEO plugin v27.3 - https:\/\/yoast.com\/product\/yoast-seo-wordpress\/ -->\n<title>Asociaci\u00f3n Hecho en Puerto Rico y bMedia Group Crean Alianza Para Impulsar Empresas Locales<\/title>\n<meta name=\"robots\" content=\"index, follow, max-snippet:-1, max-image-preview:large, max-video-preview:-1\" \/>\n<link rel=\"canonical\" href=\"https:\/\/www.bmediagroup.com\/news\/asociacion-hecho-en-puerto-rico-y-bmedia-group-crean-alianza-para-impulsar-empresas-locales\/\" \/>\n<meta property=\"og:locale\" content=\"en_US\" \/>\n<meta property=\"og:type\" content=\"article\" \/>\n<meta property=\"og:title\" content=\"Asociaci\u00f3n Hecho en Puerto Rico y bMedia Group Crean Alianza Para Impulsar Empresas Locales\" \/>\n<meta property=\"og:description\" content=\"La Asociaci\u00f3n Hecho en Puerto Rico (AHPR) anunci\u00f3 hoy, lunes, una alianza con bMedia Group dirigida a apoyar e impulsar a los empresarios puertorrique\u00f1os para generar crecimiento econ\u00f3mico.\" \/>\n<meta property=\"og:url\" content=\"https:\/\/www.bmediagroup.com\/news\/asociacion-hecho-en-puerto-rico-y-bmedia-group-crean-alianza-para-impulsar-empresas-locales\/\" \/>\n<meta property=\"og:site_name\" content=\"Outdoor Advertising News\" \/>\n<meta property=\"article:published_time\" content=\"2021-09-27T21:10:40+00:00\" \/>\n<meta property=\"og:image\" content=\"https:\/\/www.bmediagroup.com\/news\/wp-content\/uploads\/2021\/09\/Alianza-HPR-bMedia-Group.jpg\" \/>\n\t<meta property=\"og:image:width\" content=\"2000\" \/>\n\t<meta property=\"og:image:height\" content=\"1262\" \/>\n\t<meta property=\"og:image:type\" content=\"image\/jpeg\" \/>\n<meta name=\"author\" content=\"admin\" \/>\n<meta name=\"twitter:card\" content=\"summary_large_image\" \/>\n<meta name=\"twitter:label1\" content=\"Written by\" \/>\n\t<meta name=\"twitter:data1\" content=\"admin\" \/>\n\t<meta name=\"twitter:label2\" content=\"Est. reading time\" \/>\n\t<meta name=\"twitter:data2\" content=\"3 minutes\" \/>\n<script type=\"application\/ld+json\" class=\"yoast-schema-graph\">{\"@context\":\"https:\\\/\\\/schema.org\",\"@graph\":[{\"@type\":\"Article\",\"@id\":\"https:\\\/\\\/www.bmediagroup.com\\\/news\\\/asociacion-hecho-en-puerto-rico-y-bmedia-group-crean-alianza-para-impulsar-empresas-locales\\\/#article\",\"isPartOf\":{\"@id\":\"https:\\\/\\\/www.bmediagroup.com\\\/news\\\/asociacion-hecho-en-puerto-rico-y-bmedia-group-crean-alianza-para-impulsar-empresas-locales\\\/\"},\"author\":{\"name\":\"admin\",\"@id\":\"https:\\\/\\\/www.bmediagroup.com\\\/news\\\/#\\\/schema\\\/person\\\/94c5d7c12eb0fa00104c5e2d785679ce\"},\"headline\":\"Asociaci\u00f3n Hecho en Puerto Rico y bMedia Group Crean Alianza Para Impulsar Empresas Locales\",\"datePublished\":\"2021-09-27T21:10:40+00:00\",\"mainEntityOfPage\":{\"@id\":\"https:\\\/\\\/www.bmediagroup.com\\\/news\\\/asociacion-hecho-en-puerto-rico-y-bmedia-group-crean-alianza-para-impulsar-empresas-locales\\\/\"},\"wordCount\":551,\"image\":{\"@id\":\"https:\\\/\\\/www.bmediagroup.com\\\/news\\\/asociacion-hecho-en-puerto-rico-y-bmedia-group-crean-alianza-para-impulsar-empresas-locales\\\/#primaryimage\"},\"thumbnailUrl\":\"https:\\\/\\\/www.bmediagroup.com\\\/news\\\/wp-content\\\/uploads\\\/2021\\\/09\\\/Alianza-HPR-bMedia-Group.jpg\",\"keywords\":[\"AHPR\",\"asosiacion hecho en puerto rico\",\"billboards en puerto rico\",\"doing business in puerto rico\",\"empresarios locales\",\"hecho en puerto rico\",\"PR\",\"press release\",\"puerto rico\"],\"articleSection\":[\"Blog\",\"News\",\"Puerto Rico\"],\"inLanguage\":\"en-US\"},{\"@type\":\"WebPage\",\"@id\":\"https:\\\/\\\/www.bmediagroup.com\\\/news\\\/asociacion-hecho-en-puerto-rico-y-bmedia-group-crean-alianza-para-impulsar-empresas-locales\\\/\",\"url\":\"https:\\\/\\\/www.bmediagroup.com\\\/news\\\/asociacion-hecho-en-puerto-rico-y-bmedia-group-crean-alianza-para-impulsar-empresas-locales\\\/\",\"name\":\"Asociaci\u00f3n Hecho en Puerto Rico y bMedia Group Crean Alianza Para Impulsar Empresas Locales\",\"isPartOf\":{\"@id\":\"https:\\\/\\\/www.bmediagroup.com\\\/news\\\/#website\"},\"primaryImageOfPage\":{\"@id\":\"https:\\\/\\\/www.bmediagroup.com\\\/news\\\/asociacion-hecho-en-puerto-rico-y-bmedia-group-crean-alianza-para-impulsar-empresas-locales\\\/#primaryimage\"},\"image\":{\"@id\":\"https:\\\/\\\/www.bmediagroup.com\\\/news\\\/asociacion-hecho-en-puerto-rico-y-bmedia-group-crean-alianza-para-impulsar-empresas-locales\\\/#primaryimage\"},\"thumbnailUrl\":\"https:\\\/\\\/www.bmediagroup.com\\\/news\\\/wp-content\\\/uploads\\\/2021\\\/09\\\/Alianza-HPR-bMedia-Group.jpg\",\"datePublished\":\"2021-09-27T21:10:40+00:00\",\"author\":{\"@id\":\"https:\\\/\\\/www.bmediagroup.com\\\/news\\\/#\\\/schema\\\/person\\\/94c5d7c12eb0fa00104c5e2d785679ce\"},\"breadcrumb\":{\"@id\":\"https:\\\/\\\/www.bmediagroup.com\\\/news\\\/asociacion-hecho-en-puerto-rico-y-bmedia-group-crean-alianza-para-impulsar-empresas-locales\\\/#breadcrumb\"},\"inLanguage\":\"en-US\",\"potentialAction\":[{\"@type\":\"ReadAction\",\"target\":[\"https:\\\/\\\/www.bmediagroup.com\\\/news\\\/asociacion-hecho-en-puerto-rico-y-bmedia-group-crean-alianza-para-impulsar-empresas-locales\\\/\"]}]},{\"@type\":\"ImageObject\",\"inLanguage\":\"en-US\",\"@id\":\"https:\\\/\\\/www.bmediagroup.com\\\/news\\\/asociacion-hecho-en-puerto-rico-y-bmedia-group-crean-alianza-para-impulsar-empresas-locales\\\/#primaryimage\",\"url\":\"https:\\\/\\\/www.bmediagroup.com\\\/news\\\/wp-content\\\/uploads\\\/2021\\\/09\\\/Alianza-HPR-bMedia-Group.jpg\",\"contentUrl\":\"https:\\\/\\\/www.bmediagroup.com\\\/news\\\/wp-content\\\/uploads\\\/2021\\\/09\\\/Alianza-HPR-bMedia-Group.jpg\",\"width\":2000,\"height\":1262,\"caption\":\"AHPR and bMedia Group\"},{\"@type\":\"BreadcrumbList\",\"@id\":\"https:\\\/\\\/www.bmediagroup.com\\\/news\\\/asociacion-hecho-en-puerto-rico-y-bmedia-group-crean-alianza-para-impulsar-empresas-locales\\\/#breadcrumb\",\"itemListElement\":[{\"@type\":\"ListItem\",\"position\":1,\"name\":\"Home\",\"item\":\"https:\\\/\\\/www.bmediagroup.com\\\/news\\\/\"},{\"@type\":\"ListItem\",\"position\":2,\"name\":\"Asociaci\u00f3n Hecho en Puerto Rico y bMedia Group Crean Alianza Para Impulsar Empresas Locales\"}]},{\"@type\":\"WebSite\",\"@id\":\"https:\\\/\\\/www.bmediagroup.com\\\/news\\\/#website\",\"url\":\"https:\\\/\\\/www.bmediagroup.com\\\/news\\\/\",\"name\":\"Outdoor Advertising News\",\"description\":\"\",\"potentialAction\":[{\"@type\":\"SearchAction\",\"target\":{\"@type\":\"EntryPoint\",\"urlTemplate\":\"https:\\\/\\\/www.bmediagroup.com\\\/news\\\/?s={search_term_string}\"},\"query-input\":{\"@type\":\"PropertyValueSpecification\",\"valueRequired\":true,\"valueName\":\"search_term_string\"}}],\"inLanguage\":\"en-US\"},{\"@type\":\"Person\",\"@id\":\"https:\\\/\\\/www.bmediagroup.com\\\/news\\\/#\\\/schema\\\/person\\\/94c5d7c12eb0fa00104c5e2d785679ce\",\"name\":\"admin\",\"image\":{\"@type\":\"ImageObject\",\"inLanguage\":\"en-US\",\"@id\":\"https:\\\/\\\/secure.gravatar.com\\\/avatar\\\/2d901b561a6096466dab849e276f2b9e6c838ee882250e489b732bfcb2913de4?s=96&d=mm&r=g\",\"url\":\"https:\\\/\\\/secure.gravatar.com\\\/avatar\\\/2d901b561a6096466dab849e276f2b9e6c838ee882250e489b732bfcb2913de4?s=96&d=mm&r=g\",\"contentUrl\":\"https:\\\/\\\/secure.gravatar.com\\\/avatar\\\/2d901b561a6096466dab849e276f2b9e6c838ee882250e489b732bfcb2913de4?s=96&d=mm&r=g\",\"caption\":\"admin\"},\"sameAs\":[\"https:\\\/\\\/www.bmediagroup.com\\\/news\"],\"url\":\"https:\\\/\\\/www.bmediagroup.com\\\/news\\\/author\\\/admin_uiaouozr\\\/\"}]}<\/script>\n<!-- \/ Yoast SEO plugin. -->","yoast_head_json":{"title":"Asociaci\u00f3n Hecho en Puerto Rico y bMedia Group Crean Alianza Para Impulsar Empresas Locales","robots":{"index":"index","follow":"follow","max-snippet":"max-snippet:-1","max-image-preview":"max-image-preview:large","max-video-preview":"max-video-preview:-1"},"canonical":"https:\/\/www.bmediagroup.com\/news\/asociacion-hecho-en-puerto-rico-y-bmedia-group-crean-alianza-para-impulsar-empresas-locales\/","og_locale":"en_US","og_type":"article","og_title":"Asociaci\u00f3n Hecho en Puerto Rico y bMedia Group Crean Alianza Para Impulsar Empresas Locales","og_description":"La Asociaci\u00f3n Hecho en Puerto Rico (AHPR) anunci\u00f3 hoy, lunes, una alianza con bMedia Group dirigida a apoyar e impulsar a los empresarios puertorrique\u00f1os para generar crecimiento econ\u00f3mico.","og_url":"https:\/\/www.bmediagroup.com\/news\/asociacion-hecho-en-puerto-rico-y-bmedia-group-crean-alianza-para-impulsar-empresas-locales\/","og_site_name":"Outdoor Advertising News","article_published_time":"2021-09-27T21:10:40+00:00","og_image":[{"width":2000,"height":1262,"url":"https:\/\/www.bmediagroup.com\/news\/wp-content\/uploads\/2021\/09\/Alianza-HPR-bMedia-Group.jpg","type":"image\/jpeg"}],"author":"admin","twitter_card":"summary_large_image","twitter_misc":{"Written by":"admin","Est. reading time":"3 minutes"},"schema":{"@context":"https:\/\/schema.org","@graph":[{"@type":"Article","@id":"https:\/\/www.bmediagroup.com\/news\/asociacion-hecho-en-puerto-rico-y-bmedia-group-crean-alianza-para-impulsar-empresas-locales\/#article","isPartOf":{"@id":"https:\/\/www.bmediagroup.com\/news\/asociacion-hecho-en-puerto-rico-y-bmedia-group-crean-alianza-para-impulsar-empresas-locales\/"},"author":{"name":"admin","@id":"https:\/\/www.bmediagroup.com\/news\/#\/schema\/person\/94c5d7c12eb0fa00104c5e2d785679ce"},"headline":"Asociaci\u00f3n Hecho en Puerto Rico y bMedia Group Crean Alianza Para Impulsar Empresas Locales","datePublished":"2021-09-27T21:10:40+00:00","mainEntityOfPage":{"@id":"https:\/\/www.bmediagroup.com\/news\/asociacion-hecho-en-puerto-rico-y-bmedia-group-crean-alianza-para-impulsar-empresas-locales\/"},"wordCount":551,"image":{"@id":"https:\/\/www.bmediagroup.com\/news\/asociacion-hecho-en-puerto-rico-y-bmedia-group-crean-alianza-para-impulsar-empresas-locales\/#primaryimage"},"thumbnailUrl":"https:\/\/www.bmediagroup.com\/news\/wp-content\/uploads\/2021\/09\/Alianza-HPR-bMedia-Group.jpg","keywords":["AHPR","asosiacion hecho en puerto rico","billboards en puerto rico","doing business in puerto rico","empresarios locales","hecho en puerto rico","PR","press release","puerto rico"],"articleSection":["Blog","News","Puerto Rico"],"inLanguage":"en-US"},{"@type":"WebPage","@id":"https:\/\/www.bmediagroup.com\/news\/asociacion-hecho-en-puerto-rico-y-bmedia-group-crean-alianza-para-impulsar-empresas-locales\/","url":"https:\/\/www.bmediagroup.com\/news\/asociacion-hecho-en-puerto-rico-y-bmedia-group-crean-alianza-para-impulsar-empresas-locales\/","name":"Asociaci\u00f3n Hecho en Puerto Rico y bMedia Group Crean Alianza Para Impulsar Empresas Locales","isPartOf":{"@id":"https:\/\/www.bmediagroup.com\/news\/#website"},"primaryImageOfPage":{"@id":"https:\/\/www.bmediagroup.com\/news\/asociacion-hecho-en-puerto-rico-y-bmedia-group-crean-alianza-para-impulsar-empresas-locales\/#primaryimage"},"image":{"@id":"https:\/\/www.bmediagroup.com\/news\/asociacion-hecho-en-puerto-rico-y-bmedia-group-crean-alianza-para-impulsar-empresas-locales\/#primaryimage"},"thumbnailUrl":"https:\/\/www.bmediagroup.com\/news\/wp-content\/uploads\/2021\/09\/Alianza-HPR-bMedia-Group.jpg","datePublished":"2021-09-27T21:10:40+00:00","author":{"@id":"https:\/\/www.bmediagroup.com\/news\/#\/schema\/person\/94c5d7c12eb0fa00104c5e2d785679ce"},"breadcrumb":{"@id":"https:\/\/www.bmediagroup.com\/news\/asociacion-hecho-en-puerto-rico-y-bmedia-group-crean-alianza-para-impulsar-empresas-locales\/#breadcrumb"},"inLanguage":"en-US","potentialAction":[{"@type":"ReadAction","target":["https:\/\/www.bmediagroup.com\/news\/asociacion-hecho-en-puerto-rico-y-bmedia-group-crean-alianza-para-impulsar-empresas-locales\/"]}]},{"@type":"ImageObject","inLanguage":"en-US","@id":"https:\/\/www.bmediagroup.com\/news\/asociacion-hecho-en-puerto-rico-y-bmedia-group-crean-alianza-para-impulsar-empresas-locales\/#primaryimage","url":"https:\/\/www.bmediagroup.com\/news\/wp-content\/uploads\/2021\/09\/Alianza-HPR-bMedia-Group.jpg","contentUrl":"https:\/\/www.bmediagroup.com\/news\/wp-content\/uploads\/2021\/09\/Alianza-HPR-bMedia-Group.jpg","width":2000,"height":1262,"caption":"AHPR and bMedia Group"},{"@type":"BreadcrumbList","@id":"https:\/\/www.bmediagroup.com\/news\/asociacion-hecho-en-puerto-rico-y-bmedia-group-crean-alianza-para-impulsar-empresas-locales\/#breadcrumb","itemListElement":[{"@type":"ListItem","position":1,"name":"Home","item":"https:\/\/www.bmediagroup.com\/news\/"},{"@type":"ListItem","position":2,"name":"Asociaci\u00f3n Hecho en Puerto Rico y bMedia Group Crean Alianza Para Impulsar Empresas Locales"}]},{"@type":"WebSite","@id":"https:\/\/www.bmediagroup.com\/news\/#website","url":"https:\/\/www.bmediagroup.com\/news\/","name":"Outdoor Advertising News","description":"","potentialAction":[{"@type":"SearchAction","target":{"@type":"EntryPoint","urlTemplate":"https:\/\/www.bmediagroup.com\/news\/?s={search_term_string}"},"query-input":{"@type":"PropertyValueSpecification","valueRequired":true,"valueName":"search_term_string"}}],"inLanguage":"en-US"},{"@type":"Person","@id":"https:\/\/www.bmediagroup.com\/news\/#\/schema\/person\/94c5d7c12eb0fa00104c5e2d785679ce","name":"admin","image":{"@type":"ImageObject","inLanguage":"en-US","@id":"https:\/\/secure.gravatar.com\/avatar\/2d901b561a6096466dab849e276f2b9e6c838ee882250e489b732bfcb2913de4?s=96&d=mm&r=g","url":"https:\/\/secure.gravatar.com\/avatar\/2d901b561a6096466dab849e276f2b9e6c838ee882250e489b732bfcb2913de4?s=96&d=mm&r=g","contentUrl":"https:\/\/secure.gravatar.com\/avatar\/2d901b561a6096466dab849e276f2b9e6c838ee882250e489b732bfcb2913de4?s=96&d=mm&r=g","caption":"admin"},"sameAs":["https:\/\/www.bmediagroup.com\/news"],"url":"https:\/\/www.bmediagroup.com\/news\/author\/admin_uiaouozr\/"}]}},"_links":{"self":[{"href":"https:\/\/www.bmediagroup.com\/news\/wp-json\/wp\/v2\/posts\/3442","targetHints":{"allow":["GET"]}}],"collection":[{"href":"https:\/\/www.bmediagroup.com\/news\/wp-json\/wp\/v2\/posts"}],"about":[{"href":"https:\/\/www.bmediagroup.com\/news\/wp-json\/wp\/v2\/types\/post"}],"author":[{"embeddable":true,"href":"https:\/\/www.bmediagroup.com\/news\/wp-json\/wp\/v2\/users\/1"}],"replies":[{"embeddable":true,"href":"https:\/\/www.bmediagroup.com\/news\/wp-json\/wp\/v2\/comments?post=3442"}],"version-history":[{"count":0,"href":"https:\/\/www.bmediagroup.com\/news\/wp-json\/wp\/v2\/posts\/3442\/revisions"}],"wp:featuredmedia":[{"embeddable":true,"href":"https:\/\/www.bmediagroup.com\/news\/wp-json\/wp\/v2\/media\/3443"}],"wp:attachment":[{"href":"https:\/\/www.bmediagroup.com\/news\/wp-json\/wp\/v2\/media?parent=3442"}],"wp:term":[{"taxonomy":"category","embeddable":true,"href":"https:\/\/www.bmediagroup.com\/news\/wp-json\/wp\/v2\/categories?post=3442"},{"taxonomy":"post_tag","embeddable":true,"href":"https:\/\/www.bmediagroup.com\/news\/wp-json\/wp\/v2\/tags?post=3442"}],"curies":[{"name":"wp","href":"https:\/\/api.w.org\/{rel}","templated":true}]}}